{"id":2648,"date":"2025-04-30T10:06:23","date_gmt":"2025-04-30T08:06:23","guid":{"rendered":"https:\/\/derecho.umh.es\/?p=2648"},"modified":"2025-04-30T10:06:23","modified_gmt":"2025-04-30T08:06:23","slug":"seminario-titulado-la-reduccion-del-tiempo-de-trabajo-registro-de-jornada-y-desconexion-digital","status":"publish","type":"post","link":"https:\/\/derecho.umh.es\/en\/2025\/04\/30\/seminario-titulado-la-reduccion-del-tiempo-de-trabajo-registro-de-jornada-y-desconexion-digital\/","title":{"rendered":"<span lang=\"es\">(Espa\u00f1ol) Seminario titulado: &#8220;la reducci\u00f3n del tiempo de trabajo, registro de jornada y desconexi\u00f3n digital&#8221;<\/span>"},"content":{"rendered":"<p class=\"qtranxs-available-languages-message qtranxs-available-languages-message-en\">Sorry, this entry is only available in <a href=\"https:\/\/derecho.umh.es\/es\/wp-json\/wp\/v2\/posts\/2648\" class=\"qtranxs-available-language-link qtranxs-available-language-link-es\" title=\"Espa\u00f1ol\">European Spanish<\/a>.<\/p>","protected":false},"excerpt":{"rendered":"<p>Sorry, this entry is only available in European Spanish.<\/p>\n","protected":false},"author":3069,"featured_media":0,"comment_status":"closed","ping_status":"open","sticky":false,"template":"","format":"standard","meta":{"ngg_post_thumbnail":0,"_links_to":"","_links_to_target":""},"categories":[1],"tags":[],"_links":{"self":[{"href":"https:\/\/derecho.umh.es\/en\/wp-json\/wp\/v2\/posts\/2648"}],"collection":[{"href":"https:\/\/derecho.umh.es\/en\/wp-json\/wp\/v2\/posts"}],"about":[{"href":"https:\/\/derecho.umh.es\/en\/wp-json\/wp\/v2\/types\/post"}],"author":[{"embeddable":true,"href":"https:\/\/derecho.umh.es\/en\/wp-json\/wp\/v2\/users\/3069"}],"replies":[{"embeddable":true,"href":"https:\/\/derecho.umh.es\/en\/wp-json\/wp\/v2\/comments?post=2648"}],"version-history":[{"count":0,"href":"https:\/\/derecho.umh.es\/en\/wp-json\/wp\/v2\/posts\/2648\/revisions"}],"wp:attachment":[{"href":"https:\/\/derecho.umh.es\/en\/wp-json\/wp\/v2\/media?parent=2648"}],"wp:term":[{"taxonomy":"category","embeddable":true,"href":"https:\/\/derecho.umh.es\/en\/wp-json\/wp\/v2\/categories?post=2648"},{"taxonomy":"post_tag","embeddable":true,"href":"https:\/\/derecho.umh.es\/en\/wp-json\/wp\/v2\/tags?post=2648"}],"curies":[{"name":"wp","href":"https:\/\/api.w.org\/{rel}","templated":true}]}}