{"id":1681,"date":"2022-01-21T20:37:32","date_gmt":"2022-01-21T19:37:32","guid":{"rendered":"https:\/\/derecho.umh.es\/?p=1681"},"modified":"2022-01-21T20:37:32","modified_gmt":"2022-01-21T19:37:32","slug":"celebracion-del-dia-europeo-de-la-mediacion","status":"publish","type":"post","link":"https:\/\/derecho.umh.es\/en\/2022\/01\/21\/celebracion-del-dia-europeo-de-la-mediacion\/","title":{"rendered":"<span lang=\"es\">(Espa\u00f1ol) Celebraci\u00f3n del D\u00eda Europeo de la Mediaci\u00f3n<\/span>"},"content":{"rendered":"<p class=\"qtranxs-available-languages-message qtranxs-available-languages-message-en\">Sorry, this entry is only available in <a href=\"https:\/\/derecho.umh.es\/es\/wp-json\/wp\/v2\/posts\/1681\" class=\"qtranxs-available-language-link qtranxs-available-language-link-es\" title=\"Espa\u00f1ol\">European Spanish<\/a>.<\/p>","protected":false},"excerpt":{"rendered":"<p>Sorry, this entry is only available in European Spanish.<\/p>\n","protected":false},"author":3350,"featured_media":0,"comment_status":"closed","ping_status":"open","sticky":false,"template":"","format":"standard","meta":{"ngg_post_thumbnail":0,"_links_to":"","_links_to_target":""},"categories":[75557],"tags":[],"_links":{"self":[{"href":"https:\/\/derecho.umh.es\/en\/wp-json\/wp\/v2\/posts\/1681"}],"collection":[{"href":"https:\/\/derecho.umh.es\/en\/wp-json\/wp\/v2\/posts"}],"about":[{"href":"https:\/\/derecho.umh.es\/en\/wp-json\/wp\/v2\/types\/post"}],"author":[{"embeddable":true,"href":"https:\/\/derecho.umh.es\/en\/wp-json\/wp\/v2\/users\/3350"}],"replies":[{"embeddable":true,"href":"https:\/\/derecho.umh.es\/en\/wp-json\/wp\/v2\/comments?post=1681"}],"version-history":[{"count":0,"href":"https:\/\/derecho.umh.es\/en\/wp-json\/wp\/v2\/posts\/1681\/revisions"}],"wp:attachment":[{"href":"https:\/\/derecho.umh.es\/en\/wp-json\/wp\/v2\/media?parent=1681"}],"wp:term":[{"taxonomy":"category","embeddable":true,"href":"https:\/\/derecho.umh.es\/en\/wp-json\/wp\/v2\/categories?post=1681"},{"taxonomy":"post_tag","embeddable":true,"href":"https:\/\/derecho.umh.es\/en\/wp-json\/wp\/v2\/tags?post=1681"}],"curies":[{"name":"wp","href":"https:\/\/api.w.org\/{rel}","templated":true}]}}