{"id":1329,"date":"2021-01-21T16:25:24","date_gmt":"2021-01-21T15:25:24","guid":{"rendered":"https:\/\/derecho.umh.es\/?p=1329"},"modified":"2021-01-21T16:25:42","modified_gmt":"2021-01-21T15:25:42","slug":"abierto-el-plazo-para-la-presentacion-de-solicitudes-a-la-convocatoria-de-un-premio-a-trabajo-fin-de-grado-y-otro-a-trabajo-fin-de-master","status":"publish","type":"post","link":"https:\/\/derecho.umh.es\/en\/2021\/01\/21\/abierto-el-plazo-para-la-presentacion-de-solicitudes-a-la-convocatoria-de-un-premio-a-trabajo-fin-de-grado-y-otro-a-trabajo-fin-de-master\/","title":{"rendered":"<span lang=\"es\">(Espa\u00f1ol) Abierto el plazo para la presentaci\u00f3n de solicitudes a la Convocatoria de un premio a Trabajo Fin de Grado, y otro a Trabajo Fin de M\u00e1ster<\/span>"},"content":{"rendered":"<p class=\"qtranxs-available-languages-message qtranxs-available-languages-message-en\">Sorry, this entry is only available in <a href=\"https:\/\/derecho.umh.es\/es\/wp-json\/wp\/v2\/posts\/1329\" class=\"qtranxs-available-language-link qtranxs-available-language-link-es\" title=\"Espa\u00f1ol\">European Spanish<\/a>.<\/p>","protected":false},"excerpt":{"rendered":"<p>Sorry, this entry is only available in European Spanish.<\/p>\n","protected":false},"author":3350,"featured_media":0,"comment_status":"closed","ping_status":"open","sticky":false,"template":"","format":"standard","meta":{"ngg_post_thumbnail":0,"_links_to":"","_links_to_target":""},"categories":[2145,75557,10239],"tags":[],"_links":{"self":[{"href":"https:\/\/derecho.umh.es\/en\/wp-json\/wp\/v2\/posts\/1329"}],"collection":[{"href":"https:\/\/derecho.umh.es\/en\/wp-json\/wp\/v2\/posts"}],"about":[{"href":"https:\/\/derecho.umh.es\/en\/wp-json\/wp\/v2\/types\/post"}],"author":[{"embeddable":true,"href":"https:\/\/derecho.umh.es\/en\/wp-json\/wp\/v2\/users\/3350"}],"replies":[{"embeddable":true,"href":"https:\/\/derecho.umh.es\/en\/wp-json\/wp\/v2\/comments?post=1329"}],"version-history":[{"count":0,"href":"https:\/\/derecho.umh.es\/en\/wp-json\/wp\/v2\/posts\/1329\/revisions"}],"wp:attachment":[{"href":"https:\/\/derecho.umh.es\/en\/wp-json\/wp\/v2\/media?parent=1329"}],"wp:term":[{"taxonomy":"category","embeddable":true,"href":"https:\/\/derecho.umh.es\/en\/wp-json\/wp\/v2\/categories?post=1329"},{"taxonomy":"post_tag","embeddable":true,"href":"https:\/\/derecho.umh.es\/en\/wp-json\/wp\/v2\/tags?post=1329"}],"curies":[{"name":"wp","href":"https:\/\/api.w.org\/{rel}","templated":true}]}}