{"id":2311,"date":"2023-05-04T16:51:16","date_gmt":"2023-05-04T14:51:16","guid":{"rendered":"https:\/\/derecho.umh.es\/?p=2311"},"modified":"2023-05-04T16:52:20","modified_gmt":"2023-05-04T14:52:20","slug":"conferencia-economia-y-politica-social-en-la-union-europea","status":"publish","type":"post","link":"https:\/\/derecho.umh.es\/ca\/2023\/05\/04\/conferencia-economia-y-politica-social-en-la-union-europea\/","title":{"rendered":"<span lang=\"es\">(Espa\u00f1ol) CONFERENCIA: ECONOM\u00cdA Y POL\u00cdTICA SOCIAL EN LA UNI\u00d3N EUROPEA<\/span>"},"content":{"rendered":"<p class=\"qtranxs-available-languages-message qtranxs-available-languages-message-ca\">Ho sentim, aquesta entrada es troba disponible \u00fanicament en <a href=\"https:\/\/derecho.umh.es\/es\/wp-json\/wp\/v2\/posts\/2311\" class=\"qtranxs-available-language-link qtranxs-available-language-link-es\" title=\"Espa\u00f1ol\">Espanyol Europeu<\/a>.<\/p>","protected":false},"excerpt":{"rendered":"<p>Ho sentim, aquesta entrada es troba disponible \u00fanicament en Espanyol Europeu.<\/p>\n","protected":false},"author":3069,"featured_media":0,"comment_status":"closed","ping_status":"open","sticky":false,"template":"","format":"standard","meta":{"ngg_post_thumbnail":0,"_links_to":"","_links_to_target":""},"categories":[1],"tags":[],"_links":{"self":[{"href":"https:\/\/derecho.umh.es\/ca\/wp-json\/wp\/v2\/posts\/2311"}],"collection":[{"href":"https:\/\/derecho.umh.es\/ca\/wp-json\/wp\/v2\/posts"}],"about":[{"href":"https:\/\/derecho.umh.es\/ca\/wp-json\/wp\/v2\/types\/post"}],"author":[{"embeddable":true,"href":"https:\/\/derecho.umh.es\/ca\/wp-json\/wp\/v2\/users\/3069"}],"replies":[{"embeddable":true,"href":"https:\/\/derecho.umh.es\/ca\/wp-json\/wp\/v2\/comments?post=2311"}],"version-history":[{"count":0,"href":"https:\/\/derecho.umh.es\/ca\/wp-json\/wp\/v2\/posts\/2311\/revisions"}],"wp:attachment":[{"href":"https:\/\/derecho.umh.es\/ca\/wp-json\/wp\/v2\/media?parent=2311"}],"wp:term":[{"taxonomy":"category","embeddable":true,"href":"https:\/\/derecho.umh.es\/ca\/wp-json\/wp\/v2\/categories?post=2311"},{"taxonomy":"post_tag","embeddable":true,"href":"https:\/\/derecho.umh.es\/ca\/wp-json\/wp\/v2\/tags?post=2311"}],"curies":[{"name":"wp","href":"https:\/\/api.w.org\/{rel}","templated":true}]}}