{"id":216,"date":"2015-02-12T17:37:04","date_gmt":"2015-02-12T16:37:04","guid":{"rendered":"http:\/\/derecho.umh.es\/?p=216"},"modified":"2015-02-12T17:38:13","modified_gmt":"2015-02-12T16:38:13","slug":"el-magistrado-del-tribunal-supremo-antonio-del-moral-imparte-una-charla-durante-la-graduacion-de-los-estudiantes-de-derecho","status":"publish","type":"post","link":"https:\/\/derecho.umh.es\/ca\/2015\/02\/12\/el-magistrado-del-tribunal-supremo-antonio-del-moral-imparte-una-charla-durante-la-graduacion-de-los-estudiantes-de-derecho\/","title":{"rendered":"El magistrado del Tribunal Supremo Antonio del Moral imparte una charla durante la graduaci\u00f3n de los estudiantes de Derecho"},"content":{"rendered":"<p>El magistrado del Tribunal Supremo Antonio del Moral imparte una charla durante la graduaci\u00f3n de los estudiantes de Derecho<\/p>\n<p>La Facultad de Ciencias Sociales y Jur\u00eddicas de la Universidad Miguel Hern\u00e1ndez (UMH) de Elche graduar\u00e1 ma\u00f1ana viernes, 13 de febrero, a la I Promoci\u00f3n del Grado y a la XIII Promoci\u00f3n de la Licenciatura en Derecho. Este acto, que comenzar\u00e1 a las 18:00 horas en el Aula Magna del edificio Altabix del campus de Elche, coincide por primera vez con la celebraci\u00f3n en la UMH de la festividad de San Raimundo de Pe\u00f1afort, patr\u00f3n de los juristas. El magistrado del Tribunal Supremo Antonio del Moral impartir\u00e1 la charla magistral durante el acto.<\/p>\n<p>03-05-12 Altabix<\/p>\n<p>La ceremonia estar\u00e1 presidida por el rector de la UMH, Jes\u00fas Pastor Ciurana, el presidente del Consejo Social de la UMH, Francisco Borja Miralles, el decano de la Facultad de Ciencias Sociales y Jur\u00eddicas de Elche, Fernando Mir\u00f3 Llinares, el magistrado del Tribunal Supremo Antonio del Moral Garc\u00eda y el vicedecano del Grado en Derecho de la Facultad de Ciencias Sociales y Jur\u00eddicas de Elche, Jos\u00e9 Carlos Espigares Huete.<br \/>\n<\/p>","protected":false},"excerpt":{"rendered":"<p>El magistrado del Tribunal Supremo Antonio del Moral imparte una charla durante la graduaci\u00f3n de los estudiantes de Derecho<br \/>\nLa Facultad de Ciencias Sociales y Jur\u00eddicas de la Universidad Miguel Hern\u00e1ndez (UMH) de Elche graduar\u00e1 ma\u00f1ana viernes, 13 de febrero, a la I Promoci\u00f3n del Grado y a la XIII Promoci\u00f3n de la Licenciatura en Derecho. [&#8230;]<\/p>\n","protected":false},"author":336,"featured_media":0,"comment_status":"closed","ping_status":"open","sticky":false,"template":"","format":"standard","meta":{"ngg_post_thumbnail":0,"_links_to":"","_links_to_target":""},"categories":[1],"tags":[],"_links":{"self":[{"href":"https:\/\/derecho.umh.es\/ca\/wp-json\/wp\/v2\/posts\/216"}],"collection":[{"href":"https:\/\/derecho.umh.es\/ca\/wp-json\/wp\/v2\/posts"}],"about":[{"href":"https:\/\/derecho.umh.es\/ca\/wp-json\/wp\/v2\/types\/post"}],"author":[{"embeddable":true,"href":"https:\/\/derecho.umh.es\/ca\/wp-json\/wp\/v2\/users\/336"}],"replies":[{"embeddable":true,"href":"https:\/\/derecho.umh.es\/ca\/wp-json\/wp\/v2\/comments?post=216"}],"version-history":[{"count":0,"href":"https:\/\/derecho.umh.es\/ca\/wp-json\/wp\/v2\/posts\/216\/revisions"}],"wp:attachment":[{"href":"https:\/\/derecho.umh.es\/ca\/wp-json\/wp\/v2\/media?parent=216"}],"wp:term":[{"taxonomy":"category","embeddable":true,"href":"https:\/\/derecho.umh.es\/ca\/wp-json\/wp\/v2\/categories?post=216"},{"taxonomy":"post_tag","embeddable":true,"href":"https:\/\/derecho.umh.es\/ca\/wp-json\/wp\/v2\/tags?post=216"}],"curies":[{"name":"wp","href":"https:\/\/api.w.org\/{rel}","templated":true}]}}