{"id":213,"date":"2015-02-09T20:04:27","date_gmt":"2015-02-09T19:04:27","guid":{"rendered":"http:\/\/derecho.umh.es\/?p=213"},"modified":"2015-02-09T20:05:51","modified_gmt":"2015-02-09T19:05:51","slug":"no-habra-clases-el-proximo-13-de-febrero-con-motivo-de-la-celebracion-de-san-raimundo-de-penafort-patron-de-los-juristas","status":"publish","type":"post","link":"https:\/\/derecho.umh.es\/ca\/2015\/02\/09\/no-habra-clases-el-proximo-13-de-febrero-con-motivo-de-la-celebracion-de-san-raimundo-de-penafort-patron-de-los-juristas\/","title":{"rendered":"NO HABR\u00c1 CLASES EL PR\u00d3XIMO 13 DE FEBRERO CON MOTIVO DE LA CELEBRACI\u00d3N DE SAN RAIMUNDO DE PE\u00d1AFORT, PATR\u00d3N DE LOS JURISTAS"},"content":{"rendered":"<p>NO HABR\u00c1 CLASES EL PR\u00d3XIMO 13 DE FEBRERO CON MOTIVO DE LA CELEBRACI\u00d3N DE SAN RAIMUNDO DE PE\u00d1AFORT, PATR\u00d3N DE LOS JURISTAS<br \/>\n205-720-San RaimundoEstimados estudiantes:<br \/>\nEl pr\u00f3ximo 13 de febrero, a las 18.00 horas, tendr\u00e1 lugar en el Aula Magna de nuestra Universidad el Acto de San Raimundo de Pe\u00f1afort. El acto tiene como elemento principal la Graduaci\u00f3n de la XIII promoci\u00f3n de Licenciados de Derecho y la I Promoci\u00f3n de Graduados. El Acto se celebrar\u00e1 con el cortejo acad\u00e9mico correspondiente proporcion\u00e1ndole la solemnidad que merece. Por esta raz\u00f3n no habr\u00e1 clases el pr\u00f3ximo viernes 13 de febrero. El semestre se iniciar\u00e1, en consecuencia, el 14 de febrero (s\u00e1bado) seg\u00fan el horario previsto. Un afectuoso saludo,<br \/>\nJos\u00e9 Carlos Espigares<br \/>\nVicedecano de Derecho<\/p>","protected":false},"excerpt":{"rendered":"<p>NO HABR\u00c1 CLASES EL PR\u00d3XIMO 13 DE FEBRERO CON MOTIVO DE LA CELEBRACI\u00d3N DE SAN RAIMUNDO DE PE\u00d1AFORT, PATR\u00d3N DE LOS JURISTAS<br \/>\n205-720-San RaimundoEstimados estudiantes:<br \/>\nEl pr\u00f3ximo 13 de febrero, a las 18.00 horas, tendr\u00e1 lugar en el Aula Magna de nuestra Universidad el Acto de San Raimundo de Pe\u00f1afort. El acto tiene como elemento principal la [&#8230;]<\/p>\n","protected":false},"author":336,"featured_media":0,"comment_status":"closed","ping_status":"open","sticky":false,"template":"","format":"standard","meta":{"ngg_post_thumbnail":0,"_links_to":"","_links_to_target":""},"categories":[1],"tags":[],"_links":{"self":[{"href":"https:\/\/derecho.umh.es\/ca\/wp-json\/wp\/v2\/posts\/213"}],"collection":[{"href":"https:\/\/derecho.umh.es\/ca\/wp-json\/wp\/v2\/posts"}],"about":[{"href":"https:\/\/derecho.umh.es\/ca\/wp-json\/wp\/v2\/types\/post"}],"author":[{"embeddable":true,"href":"https:\/\/derecho.umh.es\/ca\/wp-json\/wp\/v2\/users\/336"}],"replies":[{"embeddable":true,"href":"https:\/\/derecho.umh.es\/ca\/wp-json\/wp\/v2\/comments?post=213"}],"version-history":[{"count":0,"href":"https:\/\/derecho.umh.es\/ca\/wp-json\/wp\/v2\/posts\/213\/revisions"}],"wp:attachment":[{"href":"https:\/\/derecho.umh.es\/ca\/wp-json\/wp\/v2\/media?parent=213"}],"wp:term":[{"taxonomy":"category","embeddable":true,"href":"https:\/\/derecho.umh.es\/ca\/wp-json\/wp\/v2\/categories?post=213"},{"taxonomy":"post_tag","embeddable":true,"href":"https:\/\/derecho.umh.es\/ca\/wp-json\/wp\/v2\/tags?post=213"}],"curies":[{"name":"wp","href":"https:\/\/api.w.org\/{rel}","templated":true}]}}