{"id":1067,"date":"2020-05-14T18:27:40","date_gmt":"2020-05-14T16:27:40","guid":{"rendered":"https:\/\/derecho.umh.es\/?p=1067"},"modified":"2020-05-14T18:27:40","modified_gmt":"2020-05-14T16:27:40","slug":"abierto-el-primer-plazo-de-preinscripcion-hasta-el-26-de-junio-de-la-xvii-edicion-del-master-universitario-en-administracion-y-direccion-de-empresas-mba-2020-2021-de-la-universidad-miguel","status":"publish","type":"post","link":"https:\/\/derecho.umh.es\/ca\/2020\/05\/14\/abierto-el-primer-plazo-de-preinscripcion-hasta-el-26-de-junio-de-la-xvii-edicion-del-master-universitario-en-administracion-y-direccion-de-empresas-mba-2020-2021-de-la-universidad-miguel\/","title":{"rendered":"<span lang=\"es\">(Espa\u00f1ol) Abierto el primer plazo de preinscripci\u00f3n hasta el 26 de junio de la XVII edici\u00f3n del M\u00c1STER UNIVERSITARIO EN ADMINISTRACI\u00d3N Y DIRECCI\u00d3N DE EMPRESAS &#8211; MBA 2020 \u2013 2021 de la Universidad Miguel Hern\u00e1ndez de Elche (d\u00edptico informativo en fichero adjunto).<\/span>"},"content":{"rendered":"<p class=\"qtranxs-available-languages-message qtranxs-available-languages-message-ca\">Ho sentim, aquesta entrada es troba disponible \u00fanicament en <a href=\"https:\/\/derecho.umh.es\/es\/wp-json\/wp\/v2\/posts\/1067\" class=\"qtranxs-available-language-link qtranxs-available-language-link-es\" title=\"Espa\u00f1ol\">Espanyol Europeu<\/a>.<\/p>","protected":false},"excerpt":{"rendered":"<p>Ho sentim, aquesta entrada es troba disponible \u00fanicament en Espanyol Europeu.<\/p>\n","protected":false},"author":561,"featured_media":0,"comment_status":"closed","ping_status":"open","sticky":false,"template":"","format":"standard","meta":{"ngg_post_thumbnail":0,"_links_to":"","_links_to_target":""},"categories":[1],"tags":[],"_links":{"self":[{"href":"https:\/\/derecho.umh.es\/ca\/wp-json\/wp\/v2\/posts\/1067"}],"collection":[{"href":"https:\/\/derecho.umh.es\/ca\/wp-json\/wp\/v2\/posts"}],"about":[{"href":"https:\/\/derecho.umh.es\/ca\/wp-json\/wp\/v2\/types\/post"}],"author":[{"embeddable":true,"href":"https:\/\/derecho.umh.es\/ca\/wp-json\/wp\/v2\/users\/561"}],"replies":[{"embeddable":true,"href":"https:\/\/derecho.umh.es\/ca\/wp-json\/wp\/v2\/comments?post=1067"}],"version-history":[{"count":0,"href":"https:\/\/derecho.umh.es\/ca\/wp-json\/wp\/v2\/posts\/1067\/revisions"}],"wp:attachment":[{"href":"https:\/\/derecho.umh.es\/ca\/wp-json\/wp\/v2\/media?parent=1067"}],"wp:term":[{"taxonomy":"category","embeddable":true,"href":"https:\/\/derecho.umh.es\/ca\/wp-json\/wp\/v2\/categories?post=1067"},{"taxonomy":"post_tag","embeddable":true,"href":"https:\/\/derecho.umh.es\/ca\/wp-json\/wp\/v2\/tags?post=1067"}],"curies":[{"name":"wp","href":"https:\/\/api.w.org\/{rel}","templated":true}]}}