{"id":1062,"date":"2020-05-12T17:49:11","date_gmt":"2020-05-12T15:49:11","guid":{"rendered":"https:\/\/derecho.umh.es\/?p=1062"},"modified":"2020-05-12T17:49:11","modified_gmt":"2020-05-12T15:49:11","slug":"abierto-el-plazo-de-preinscripcion-de-la-xiii-edicion-del-master-universitario-en-asesoria-fiscal-de-la-universidad-miguel-hernandez-de-elche","status":"publish","type":"post","link":"https:\/\/derecho.umh.es\/ca\/2020\/05\/12\/abierto-el-plazo-de-preinscripcion-de-la-xiii-edicion-del-master-universitario-en-asesoria-fiscal-de-la-universidad-miguel-hernandez-de-elche\/","title":{"rendered":"<span lang=\"es\">(Espa\u00f1ol) Abierto el plazo de preinscripci\u00f3n de la XIII Edici\u00f3n del M\u00e1ster Universitario en Asesor\u00eda Fiscal de la Universidad Miguel Hern\u00e1ndez de Elche<\/span>"},"content":{"rendered":"<p><a href=\"https:\/\/derecho.umh.es\/files\/2020\/05\/DIPTICO-MAF-2020-21-DIRECTORA.pdf\">DIPTICO MAF 2020-21 DIRECTORA<\/a><\/p>","protected":false},"excerpt":{"rendered":"<p>DIPTICO MAF 2020-21 DIRECTORA<\/p>\n","protected":false},"author":561,"featured_media":0,"comment_status":"closed","ping_status":"open","sticky":false,"template":"","format":"standard","meta":{"ngg_post_thumbnail":0,"_links_to":"","_links_to_target":""},"categories":[1],"tags":[],"_links":{"self":[{"href":"https:\/\/derecho.umh.es\/ca\/wp-json\/wp\/v2\/posts\/1062"}],"collection":[{"href":"https:\/\/derecho.umh.es\/ca\/wp-json\/wp\/v2\/posts"}],"about":[{"href":"https:\/\/derecho.umh.es\/ca\/wp-json\/wp\/v2\/types\/post"}],"author":[{"embeddable":true,"href":"https:\/\/derecho.umh.es\/ca\/wp-json\/wp\/v2\/users\/561"}],"replies":[{"embeddable":true,"href":"https:\/\/derecho.umh.es\/ca\/wp-json\/wp\/v2\/comments?post=1062"}],"version-history":[{"count":0,"href":"https:\/\/derecho.umh.es\/ca\/wp-json\/wp\/v2\/posts\/1062\/revisions"}],"wp:attachment":[{"href":"https:\/\/derecho.umh.es\/ca\/wp-json\/wp\/v2\/media?parent=1062"}],"wp:term":[{"taxonomy":"category","embeddable":true,"href":"https:\/\/derecho.umh.es\/ca\/wp-json\/wp\/v2\/categories?post=1062"},{"taxonomy":"post_tag","embeddable":true,"href":"https:\/\/derecho.umh.es\/ca\/wp-json\/wp\/v2\/tags?post=1062"}],"curies":[{"name":"wp","href":"https:\/\/api.w.org\/{rel}","templated":true}]}}